{"id":30808,"date":"2017-11-25T13:38:32","date_gmt":"2017-11-25T13:38:32","guid":{"rendered":"https:\/\/www.sandsofsilence.org\/?p=30808"},"modified":"2017-11-25T15:49:41","modified_gmt":"2017-11-25T15:49:41","slug":"niego-callar-20minutos-es","status":"publish","type":"post","link":"https:\/\/www.sandsofsilence.org\/es\/niego-callar-20minutos-es\/","title":{"rendered":"\u00abMe niego a callar\u00bb | 20 minutos"},"content":{"rendered":"<h1 style=\"text-align: center;\">20 MINUTOS<\/h1>\n<p>Por Chelo Alvarez-Stehle<\/p>\n<p><strong><a href=\"https:\/\/oxf.am\/NdPMed\">#MeNiegoA<\/a><\/strong> callar y quiero afrontar y derrotar cada mirada que nos desnuda, cada groser\u00eda que escupe a nuestra vagina, cada chiste que nos veja. Por que ah\u00ed empieza todo. De ah\u00ed a la palmada en el culo, al pellizco en el pez\u00f3n, al abuso sexual, a la violencia dom\u00e9stica, a la violaci\u00f3n hasta cuando est\u00e1s borracha e inconsciente, o a la violaci\u00f3n dentro del matrimonio, no hay nada. De ah\u00ed a la trata y al feminicidio, s\u00f3lo un paso.<\/p>\n<p>Me niego a callar cuando en el siglo XXI, Espa\u00f1a se cuestiona si, al fin y al cabo, La manada embisti\u00f3 con consentimiento. Me asusta ver que se sigue considerando a la mujer como un objeto de placer, un objeto consumo, un cuerpo a disposici\u00f3n del hombre. No embistieron solo contra ella, embistieron contra cada una de nosotras.<\/p>\n<p><a href=\"https:\/\/www.sandsofsilence.org\/wp-content\/uploads\/2017\/11\/Screenshot-2017-11-25-14.25.17.png\"><img loading=\"lazy\" decoding=\"async\" class=\"aligncenter wp-image-30803 size-large\" src=\"https:\/\/www.sandsofsilence.org\/wp-content\/uploads\/2017\/11\/Screenshot-2017-11-25-14.25.17-1024x632.png\" alt=\"\" width=\"640\" height=\"395\" srcset=\"https:\/\/www.sandsofsilence.org\/wp-content\/uploads\/2017\/11\/Screenshot-2017-11-25-14.25.17-1024x632.png 1024w, https:\/\/www.sandsofsilence.org\/wp-content\/uploads\/2017\/11\/Screenshot-2017-11-25-14.25.17-300x185.png 300w, https:\/\/www.sandsofsilence.org\/wp-content\/uploads\/2017\/11\/Screenshot-2017-11-25-14.25.17-768x474.png 768w, https:\/\/www.sandsofsilence.org\/wp-content\/uploads\/2017\/11\/Screenshot-2017-11-25-14.25.17.png 1384w\" sizes=\"auto, (max-width: 640px) 100vw, 640px\" \/><\/a><\/p>\n<p><a href=\"https:\/\/blogs.20minutos.es\/mas-de-la-mitad\/2017\/11\/24\/me-niego-a-callar\/\">Leer el art\u00edculo<\/a><\/p>\n<p>&nbsp;<\/p>\n","protected":false},"excerpt":{"rendered":"<p>20 MINUTOS Por Chelo Alvarez-Stehle #MeNiegoA callar y quiero afrontar y derrotar cada mirada que nos desnuda, cada groser\u00eda que escupe a nuestra vagina, cada chiste que nos veja. Por que ah\u00ed empieza todo. De ah\u00ed a la palmada en el culo, al pellizco en el pez\u00f3n, al abuso sexual, a la violencia dom\u00e9stica, a [&hellip;]<\/p>\n","protected":false},"author":4,"featured_media":30786,"comment_status":"open","ping_status":"open","sticky":false,"template":"","format":"standard","meta":{"footnotes":""},"categories":[21],"tags":[42,39,40,29,52,28],"class_list":["post-30808","post","type-post","status-publish","format-standard","has-post-thumbnail","hentry","category-noticias-espanol-es","tag-pedofilia","tag-trafico-humano","tag-violacion","tag-violencia-de-genero","tag-violencia-machista","tag-violencia-sexual"],"yoast_head":"<!-- This site is optimized with the Yoast SEO plugin v25.7 - https:\/\/yoast.com\/wordpress\/plugins\/seo\/ -->\n<title>&quot;Me niego a callar&quot; | 20 minutos - Sands of Silence<\/title>\n<meta name=\"robots\" content=\"index, follow, max-snippet:-1, max-image-preview:large, max-video-preview:-1\" \/>\n<link rel=\"canonical\" href=\"https:\/\/www.sandsofsilence.org\/es\/niego-callar-20minutos-es\/\" \/>\n<meta property=\"og:locale\" content=\"es_ES\" \/>\n<meta property=\"og:type\" content=\"article\" \/>\n<meta property=\"og:title\" content=\"&quot;Me niego a callar&quot; | 20 minutos - Sands of Silence\" \/>\n<meta property=\"og:description\" content=\"20 MINUTOS Por Chelo Alvarez-Stehle #MeNiegoA callar y quiero afrontar y derrotar cada mirada que nos desnuda, cada groser\u00eda que escupe a nuestra vagina, cada chiste que nos veja. Por que ah\u00ed empieza todo. De ah\u00ed a la palmada en el culo, al pellizco en el pez\u00f3n, al abuso sexual, a la violencia dom\u00e9stica, a [&hellip;]\" \/>\n<meta property=\"og:url\" content=\"https:\/\/www.sandsofsilence.org\/es\/niego-callar-20minutos-es\/\" \/>\n<meta property=\"og:site_name\" content=\"Sands of Silence\" \/>\n<meta property=\"article:publisher\" content=\"https:\/\/www.facebook.com\/sandsofsilence\/\" \/>\n<meta property=\"article:published_time\" content=\"2017-11-25T13:38:32+00:00\" \/>\n<meta property=\"article:modified_time\" content=\"2017-11-25T15:49:41+00:00\" \/>\n<meta property=\"og:image\" content=\"https:\/\/www.sandsofsilence.org\/wp-content\/uploads\/2017\/11\/Chelo-entrevistada-por-La-Ser-Centro-Inserci\u00f3n-Social-1-1024x687.jpg\" \/>\n\t<meta property=\"og:image:width\" content=\"1024\" \/>\n\t<meta property=\"og:image:height\" content=\"687\" \/>\n\t<meta property=\"og:image:type\" content=\"image\/jpeg\" \/>\n<meta name=\"author\" content=\"Chelo\" \/>\n<meta name=\"twitter:card\" content=\"summary_large_image\" \/>\n<meta name=\"twitter:creator\" content=\"@sandsofsilence\" \/>\n<meta name=\"twitter:site\" content=\"@sandsofsilence\" \/>\n<meta name=\"twitter:label1\" content=\"Escrito por\" \/>\n\t<meta name=\"twitter:data1\" content=\"Chelo\" \/>\n\t<meta name=\"twitter:label2\" content=\"Tiempo de lectura\" \/>\n\t<meta name=\"twitter:data2\" content=\"1 minuto\" \/>\n<script type=\"application\/ld+json\" class=\"yoast-schema-graph\">{\"@context\":\"https:\/\/schema.org\",\"@graph\":[{\"@type\":\"Article\",\"@id\":\"https:\/\/www.sandsofsilence.org\/es\/niego-callar-20minutos-es\/#article\",\"isPartOf\":{\"@id\":\"https:\/\/www.sandsofsilence.org\/es\/niego-callar-20minutos-es\/\"},\"author\":{\"name\":\"Chelo\",\"@id\":\"https:\/\/www.sandsofsilence.org\/#\/schema\/person\/1272874a46e1adfae13d815b6ede017a\"},\"headline\":\"\u00abMe niego a callar\u00bb | 20 minutos\",\"datePublished\":\"2017-11-25T13:38:32+00:00\",\"dateModified\":\"2017-11-25T15:49:41+00:00\",\"mainEntityOfPage\":{\"@id\":\"https:\/\/www.sandsofsilence.org\/es\/niego-callar-20minutos-es\/\"},\"wordCount\":160,\"commentCount\":0,\"publisher\":{\"@id\":\"https:\/\/www.sandsofsilence.org\/#organization\"},\"image\":{\"@id\":\"https:\/\/www.sandsofsilence.org\/es\/niego-callar-20minutos-es\/#primaryimage\"},\"thumbnailUrl\":\"https:\/\/www.sandsofsilence.org\/wp-content\/uploads\/2017\/11\/Chelo-entrevistada-por-La-Ser-Centro-Inserci\u00f3n-Social-1.jpg\",\"keywords\":[\"pedofilia\",\"tr\u00e1fico humano\",\"violaci\u00f3n\",\"violencia de g\u00e9nero\",\"violencia machista\",\"violencia sexual\"],\"articleSection\":[\"Press\/News\"],\"inLanguage\":\"es\",\"potentialAction\":[{\"@type\":\"CommentAction\",\"name\":\"Comment\",\"target\":[\"https:\/\/www.sandsofsilence.org\/es\/niego-callar-20minutos-es\/#respond\"]}]},{\"@type\":\"WebPage\",\"@id\":\"https:\/\/www.sandsofsilence.org\/es\/niego-callar-20minutos-es\/\",\"url\":\"https:\/\/www.sandsofsilence.org\/es\/niego-callar-20minutos-es\/\",\"name\":\"\\\"Me niego a callar\\\" | 20 minutos - Sands of Silence\",\"isPartOf\":{\"@id\":\"https:\/\/www.sandsofsilence.org\/#website\"},\"primaryImageOfPage\":{\"@id\":\"https:\/\/www.sandsofsilence.org\/es\/niego-callar-20minutos-es\/#primaryimage\"},\"image\":{\"@id\":\"https:\/\/www.sandsofsilence.org\/es\/niego-callar-20minutos-es\/#primaryimage\"},\"thumbnailUrl\":\"https:\/\/www.sandsofsilence.org\/wp-content\/uploads\/2017\/11\/Chelo-entrevistada-por-La-Ser-Centro-Inserci\u00f3n-Social-1.jpg\",\"datePublished\":\"2017-11-25T13:38:32+00:00\",\"dateModified\":\"2017-11-25T15:49:41+00:00\",\"breadcrumb\":{\"@id\":\"https:\/\/www.sandsofsilence.org\/es\/niego-callar-20minutos-es\/#breadcrumb\"},\"inLanguage\":\"es\",\"potentialAction\":[{\"@type\":\"ReadAction\",\"target\":[\"https:\/\/www.sandsofsilence.org\/es\/niego-callar-20minutos-es\/\"]}]},{\"@type\":\"ImageObject\",\"inLanguage\":\"es\",\"@id\":\"https:\/\/www.sandsofsilence.org\/es\/niego-callar-20minutos-es\/#primaryimage\",\"url\":\"https:\/\/www.sandsofsilence.org\/wp-content\/uploads\/2017\/11\/Chelo-entrevistada-por-La-Ser-Centro-Inserci\u00f3n-Social-1.jpg\",\"contentUrl\":\"https:\/\/www.sandsofsilence.org\/wp-content\/uploads\/2017\/11\/Chelo-entrevistada-por-La-Ser-Centro-Inserci\u00f3n-Social-1.jpg\",\"width\":2896,\"height\":1944},{\"@type\":\"BreadcrumbList\",\"@id\":\"https:\/\/www.sandsofsilence.org\/es\/niego-callar-20minutos-es\/#breadcrumb\",\"itemListElement\":[{\"@type\":\"ListItem\",\"position\":1,\"name\":\"Home\",\"item\":\"https:\/\/www.sandsofsilence.org\/es\/\"},{\"@type\":\"ListItem\",\"position\":2,\"name\":\"\u00abMe niego a callar\u00bb | 20 minutos\"}]},{\"@type\":\"WebSite\",\"@id\":\"https:\/\/www.sandsofsilence.org\/#website\",\"url\":\"https:\/\/www.sandsofsilence.org\/\",\"name\":\"Sands of Silence\",\"description\":\"SANDS OF SILENCE: Waves of Courage | This film inspires you to speak out about sexual violence\",\"publisher\":{\"@id\":\"https:\/\/www.sandsofsilence.org\/#organization\"},\"potentialAction\":[{\"@type\":\"SearchAction\",\"target\":{\"@type\":\"EntryPoint\",\"urlTemplate\":\"https:\/\/www.sandsofsilence.org\/?s={search_term_string}\"},\"query-input\":{\"@type\":\"PropertyValueSpecification\",\"valueRequired\":true,\"valueName\":\"search_term_string\"}}],\"inLanguage\":\"es\"},{\"@type\":\"Organization\",\"@id\":\"https:\/\/www.sandsofsilence.org\/#organization\",\"name\":\"Sands of Silence\",\"url\":\"https:\/\/www.sandsofsilence.org\/\",\"logo\":{\"@type\":\"ImageObject\",\"inLanguage\":\"es\",\"@id\":\"https:\/\/www.sandsofsilence.org\/#\/schema\/logo\/image\/\",\"url\":\"https:\/\/www.sandsofsilence.org\/wp-content\/uploads\/2017\/10\/Logo.png\",\"contentUrl\":\"https:\/\/www.sandsofsilence.org\/wp-content\/uploads\/2017\/10\/Logo.png\",\"width\":194,\"height\":69,\"caption\":\"Sands of Silence\"},\"image\":{\"@id\":\"https:\/\/www.sandsofsilence.org\/#\/schema\/logo\/image\/\"},\"sameAs\":[\"https:\/\/www.facebook.com\/sandsofsilence\/\",\"https:\/\/x.com\/sandsofsilence\"]},{\"@type\":\"Person\",\"@id\":\"https:\/\/www.sandsofsilence.org\/#\/schema\/person\/1272874a46e1adfae13d815b6ede017a\",\"name\":\"Chelo\",\"url\":\"https:\/\/www.sandsofsilence.org\/es\/author\/chelo\/\"}]}<\/script>\n<!-- \/ Yoast SEO plugin. -->","yoast_head_json":{"title":"\"Me niego a callar\" | 20 minutos - Sands of Silence","robots":{"index":"index","follow":"follow","max-snippet":"max-snippet:-1","max-image-preview":"max-image-preview:large","max-video-preview":"max-video-preview:-1"},"canonical":"https:\/\/www.sandsofsilence.org\/es\/niego-callar-20minutos-es\/","og_locale":"es_ES","og_type":"article","og_title":"\"Me niego a callar\" | 20 minutos - Sands of Silence","og_description":"20 MINUTOS Por Chelo Alvarez-Stehle #MeNiegoA callar y quiero afrontar y derrotar cada mirada que nos desnuda, cada groser\u00eda que escupe a nuestra vagina, cada chiste que nos veja. Por que ah\u00ed empieza todo. De ah\u00ed a la palmada en el culo, al pellizco en el pez\u00f3n, al abuso sexual, a la violencia dom\u00e9stica, a [&hellip;]","og_url":"https:\/\/www.sandsofsilence.org\/es\/niego-callar-20minutos-es\/","og_site_name":"Sands of Silence","article_publisher":"https:\/\/www.facebook.com\/sandsofsilence\/","article_published_time":"2017-11-25T13:38:32+00:00","article_modified_time":"2017-11-25T15:49:41+00:00","og_image":[{"width":1024,"height":687,"url":"https:\/\/www.sandsofsilence.org\/wp-content\/uploads\/2017\/11\/Chelo-entrevistada-por-La-Ser-Centro-Inserci\u00f3n-Social-1-1024x687.jpg","type":"image\/jpeg"}],"author":"Chelo","twitter_card":"summary_large_image","twitter_creator":"@sandsofsilence","twitter_site":"@sandsofsilence","twitter_misc":{"Escrito por":"Chelo","Tiempo de lectura":"1 minuto"},"schema":{"@context":"https:\/\/schema.org","@graph":[{"@type":"Article","@id":"https:\/\/www.sandsofsilence.org\/es\/niego-callar-20minutos-es\/#article","isPartOf":{"@id":"https:\/\/www.sandsofsilence.org\/es\/niego-callar-20minutos-es\/"},"author":{"name":"Chelo","@id":"https:\/\/www.sandsofsilence.org\/#\/schema\/person\/1272874a46e1adfae13d815b6ede017a"},"headline":"\u00abMe niego a callar\u00bb | 20 minutos","datePublished":"2017-11-25T13:38:32+00:00","dateModified":"2017-11-25T15:49:41+00:00","mainEntityOfPage":{"@id":"https:\/\/www.sandsofsilence.org\/es\/niego-callar-20minutos-es\/"},"wordCount":160,"commentCount":0,"publisher":{"@id":"https:\/\/www.sandsofsilence.org\/#organization"},"image":{"@id":"https:\/\/www.sandsofsilence.org\/es\/niego-callar-20minutos-es\/#primaryimage"},"thumbnailUrl":"https:\/\/www.sandsofsilence.org\/wp-content\/uploads\/2017\/11\/Chelo-entrevistada-por-La-Ser-Centro-Inserci\u00f3n-Social-1.jpg","keywords":["pedofilia","tr\u00e1fico humano","violaci\u00f3n","violencia de g\u00e9nero","violencia machista","violencia sexual"],"articleSection":["Press\/News"],"inLanguage":"es","potentialAction":[{"@type":"CommentAction","name":"Comment","target":["https:\/\/www.sandsofsilence.org\/es\/niego-callar-20minutos-es\/#respond"]}]},{"@type":"WebPage","@id":"https:\/\/www.sandsofsilence.org\/es\/niego-callar-20minutos-es\/","url":"https:\/\/www.sandsofsilence.org\/es\/niego-callar-20minutos-es\/","name":"\"Me niego a callar\" | 20 minutos - Sands of Silence","isPartOf":{"@id":"https:\/\/www.sandsofsilence.org\/#website"},"primaryImageOfPage":{"@id":"https:\/\/www.sandsofsilence.org\/es\/niego-callar-20minutos-es\/#primaryimage"},"image":{"@id":"https:\/\/www.sandsofsilence.org\/es\/niego-callar-20minutos-es\/#primaryimage"},"thumbnailUrl":"https:\/\/www.sandsofsilence.org\/wp-content\/uploads\/2017\/11\/Chelo-entrevistada-por-La-Ser-Centro-Inserci\u00f3n-Social-1.jpg","datePublished":"2017-11-25T13:38:32+00:00","dateModified":"2017-11-25T15:49:41+00:00","breadcrumb":{"@id":"https:\/\/www.sandsofsilence.org\/es\/niego-callar-20minutos-es\/#breadcrumb"},"inLanguage":"es","potentialAction":[{"@type":"ReadAction","target":["https:\/\/www.sandsofsilence.org\/es\/niego-callar-20minutos-es\/"]}]},{"@type":"ImageObject","inLanguage":"es","@id":"https:\/\/www.sandsofsilence.org\/es\/niego-callar-20minutos-es\/#primaryimage","url":"https:\/\/www.sandsofsilence.org\/wp-content\/uploads\/2017\/11\/Chelo-entrevistada-por-La-Ser-Centro-Inserci\u00f3n-Social-1.jpg","contentUrl":"https:\/\/www.sandsofsilence.org\/wp-content\/uploads\/2017\/11\/Chelo-entrevistada-por-La-Ser-Centro-Inserci\u00f3n-Social-1.jpg","width":2896,"height":1944},{"@type":"BreadcrumbList","@id":"https:\/\/www.sandsofsilence.org\/es\/niego-callar-20minutos-es\/#breadcrumb","itemListElement":[{"@type":"ListItem","position":1,"name":"Home","item":"https:\/\/www.sandsofsilence.org\/es\/"},{"@type":"ListItem","position":2,"name":"\u00abMe niego a callar\u00bb | 20 minutos"}]},{"@type":"WebSite","@id":"https:\/\/www.sandsofsilence.org\/#website","url":"https:\/\/www.sandsofsilence.org\/","name":"Sands of Silence","description":"SANDS OF SILENCE: Waves of Courage | This film inspires you to speak out about sexual violence","publisher":{"@id":"https:\/\/www.sandsofsilence.org\/#organization"},"potentialAction":[{"@type":"SearchAction","target":{"@type":"EntryPoint","urlTemplate":"https:\/\/www.sandsofsilence.org\/?s={search_term_string}"},"query-input":{"@type":"PropertyValueSpecification","valueRequired":true,"valueName":"search_term_string"}}],"inLanguage":"es"},{"@type":"Organization","@id":"https:\/\/www.sandsofsilence.org\/#organization","name":"Sands of Silence","url":"https:\/\/www.sandsofsilence.org\/","logo":{"@type":"ImageObject","inLanguage":"es","@id":"https:\/\/www.sandsofsilence.org\/#\/schema\/logo\/image\/","url":"https:\/\/www.sandsofsilence.org\/wp-content\/uploads\/2017\/10\/Logo.png","contentUrl":"https:\/\/www.sandsofsilence.org\/wp-content\/uploads\/2017\/10\/Logo.png","width":194,"height":69,"caption":"Sands of Silence"},"image":{"@id":"https:\/\/www.sandsofsilence.org\/#\/schema\/logo\/image\/"},"sameAs":["https:\/\/www.facebook.com\/sandsofsilence\/","https:\/\/x.com\/sandsofsilence"]},{"@type":"Person","@id":"https:\/\/www.sandsofsilence.org\/#\/schema\/person\/1272874a46e1adfae13d815b6ede017a","name":"Chelo","url":"https:\/\/www.sandsofsilence.org\/es\/author\/chelo\/"}]}},"_links":{"self":[{"href":"https:\/\/www.sandsofsilence.org\/es\/wp-json\/wp\/v2\/posts\/30808","targetHints":{"allow":["GET"]}}],"collection":[{"href":"https:\/\/www.sandsofsilence.org\/es\/wp-json\/wp\/v2\/posts"}],"about":[{"href":"https:\/\/www.sandsofsilence.org\/es\/wp-json\/wp\/v2\/types\/post"}],"author":[{"embeddable":true,"href":"https:\/\/www.sandsofsilence.org\/es\/wp-json\/wp\/v2\/users\/4"}],"replies":[{"embeddable":true,"href":"https:\/\/www.sandsofsilence.org\/es\/wp-json\/wp\/v2\/comments?post=30808"}],"version-history":[{"count":5,"href":"https:\/\/www.sandsofsilence.org\/es\/wp-json\/wp\/v2\/posts\/30808\/revisions"}],"predecessor-version":[{"id":30817,"href":"https:\/\/www.sandsofsilence.org\/es\/wp-json\/wp\/v2\/posts\/30808\/revisions\/30817"}],"wp:featuredmedia":[{"embeddable":true,"href":"https:\/\/www.sandsofsilence.org\/es\/wp-json\/wp\/v2\/media\/30786"}],"wp:attachment":[{"href":"https:\/\/www.sandsofsilence.org\/es\/wp-json\/wp\/v2\/media?parent=30808"}],"wp:term":[{"taxonomy":"category","embeddable":true,"href":"https:\/\/www.sandsofsilence.org\/es\/wp-json\/wp\/v2\/categories?post=30808"},{"taxonomy":"post_tag","embeddable":true,"href":"https:\/\/www.sandsofsilence.org\/es\/wp-json\/wp\/v2\/tags?post=30808"}],"curies":[{"name":"wp","href":"https:\/\/api.w.org\/{rel}","templated":true}]}}