{"id":30785,"date":"2017-11-21T11:51:47","date_gmt":"2017-11-21T11:51:47","guid":{"rendered":"https:\/\/www.sandsofsilence.org\/?p=30785"},"modified":"2017-11-25T13:45:58","modified_gmt":"2017-11-25T13:45:58","slug":"radio-onda-cero","status":"publish","type":"post","link":"https:\/\/www.sandsofsilence.org\/es\/radio-onda-cero\/","title":{"rendered":"\u00abHemos normalizado el abuso a todos los niveles\u00bb &#8211; Radio Onda Cero"},"content":{"rendered":"<article class=\"interior noticia\">\n<h1 style=\"text-align: center;\"><span class=\"antetitulo\">TE DOY MI PALABRA<\/span><\/h1>\n<header><span class=\"antetitulo\">Entrevistada por ISABEL GEMIO<\/span><\/header>\n<header>\n<h1 class=\"titular\">Chelo Alvarez-Stehle, periodista y cineasta: \u00abHemos normalizado el abuso a todos los niveles\u00bb<\/h1>\n<p><span class=\"antetitulo\">NOS HABLA SOBRE SU DOCUMENTAL &#8216;ARENAS DE SILENCIO&#8217;<\/span><\/p>\n<p>La periodista y cineasta Chelo \u00c1lvarez- Stehle, nos habla de su documental &#8216;Arenas de silencio&#8217;. Chelo se ha pasado 8 a\u00f1os intentando poner en marcha el documental que ha grabado en muchas partes del mundo, escuchando a mujeres que han sufrido abuso sexual. Una de cada tres mujeres en el mundo ha sufrido violencia f\u00edsica o sexual, y detr\u00e1s de estos datos hay historias sobrecogedoras que Chelo ha plasmado en &#8216;Arenas de silencio&#8217;. \u00abHemos normalizado el abuso sexual a todos los niveles\u00bb, explica la periodista que denuncia \u00abel silencio y la complicidad de los pa\u00edses occidentales en el delito de la trata de menores\u00bb.<\/p>\n<\/header>\n<\/article>\n<header><\/header>\n<header><a href=\"http:\/\/www.ondacero.es\/programas\/te-doy-mi-palabra\/audios-podcast\/entrevistas\/chelo-alvarez-stehle-periodista-y-cineasta-hemos-normalizado-el-abuso-a-todos-los-niveles_201711195a117d770cf2ebaa1688b14b.html\">Escucha\/b\u00e1jalo aqu\u00ed<\/a><\/header>\n<article class=\"interior noticia\">\n<header><a href=\"https:\/\/www.sandsofsilence.org\/wp-content\/uploads\/2017\/11\/Chelo-entrevistada-por-La-Ser-Centro-Inserci\u00f3n-Social-1.jpg\"><br \/>\n<\/a><a href=\"https:\/\/www.sandsofsilence.org\/wp-content\/uploads\/2017\/11\/Isabel-Gemio-Te-doy-mi-palabra-Onda-Cero.png\"><img loading=\"lazy\" decoding=\"async\" class=\"aligncenter size-medium wp-image-30788\" src=\"https:\/\/www.sandsofsilence.org\/wp-content\/uploads\/2017\/11\/Isabel-Gemio-Te-doy-mi-palabra-Onda-Cero-300x173.png\" alt=\"\" width=\"300\" height=\"173\" srcset=\"https:\/\/www.sandsofsilence.org\/wp-content\/uploads\/2017\/11\/Isabel-Gemio-Te-doy-mi-palabra-Onda-Cero-300x173.png 300w, https:\/\/www.sandsofsilence.org\/wp-content\/uploads\/2017\/11\/Isabel-Gemio-Te-doy-mi-palabra-Onda-Cero.png 600w\" sizes=\"auto, (max-width: 300px) 100vw, 300px\" \/><\/a><\/header>\n<\/article>\n","protected":false},"excerpt":{"rendered":"<p>TE DOY MI PALABRA Entrevistada por ISABEL GEMIO Chelo Alvarez-Stehle, periodista y cineasta: \u00abHemos normalizado el abuso a todos los niveles\u00bb NOS HABLA SOBRE SU DOCUMENTAL &#8216;ARENAS DE SILENCIO&#8217; La periodista y cineasta Chelo \u00c1lvarez- Stehle, nos habla de su documental &#8216;Arenas de silencio&#8217;. Chelo se ha pasado 8 a\u00f1os intentando poner en marcha el [&hellip;]<\/p>\n","protected":false},"author":4,"featured_media":30788,"comment_status":"open","ping_status":"open","sticky":false,"template":"","format":"standard","meta":{"footnotes":""},"categories":[21],"tags":[27,42,39,31,32,40,28],"class_list":["post-30785","post","type-post","status-publish","format-standard","has-post-thumbnail","hentry","category-noticias-espanol-es","tag-abuso-sexual","tag-pedofilia","tag-trafico-humano","tag-trafico-sexual","tag-trata","tag-violacion","tag-violencia-sexual"],"yoast_head":"<!-- This site is optimized with the Yoast SEO plugin v25.7 - https:\/\/yoast.com\/wordpress\/plugins\/seo\/ -->\n<title>&quot;Hemos normalizado el abuso a todos los niveles&quot; - Radio Onda Cero - Sands of Silence<\/title>\n<meta name=\"robots\" content=\"index, follow, max-snippet:-1, max-image-preview:large, max-video-preview:-1\" \/>\n<link rel=\"canonical\" href=\"https:\/\/www.sandsofsilence.org\/es\/radio-onda-cero\/\" \/>\n<meta property=\"og:locale\" content=\"es_ES\" \/>\n<meta property=\"og:type\" content=\"article\" \/>\n<meta property=\"og:title\" content=\"&quot;Hemos normalizado el abuso a todos los niveles&quot; - Radio Onda Cero - Sands of Silence\" \/>\n<meta property=\"og:description\" content=\"TE DOY MI PALABRA Entrevistada por ISABEL GEMIO Chelo Alvarez-Stehle, periodista y cineasta: \u00abHemos normalizado el abuso a todos los niveles\u00bb NOS HABLA SOBRE SU DOCUMENTAL &#8216;ARENAS DE SILENCIO&#8217; La periodista y cineasta Chelo \u00c1lvarez- Stehle, nos habla de su documental &#8216;Arenas de silencio&#8217;. Chelo se ha pasado 8 a\u00f1os intentando poner en marcha el [&hellip;]\" \/>\n<meta property=\"og:url\" content=\"https:\/\/www.sandsofsilence.org\/es\/radio-onda-cero\/\" \/>\n<meta property=\"og:site_name\" content=\"Sands of Silence\" \/>\n<meta property=\"article:publisher\" content=\"https:\/\/www.facebook.com\/sandsofsilence\/\" \/>\n<meta property=\"article:published_time\" content=\"2017-11-21T11:51:47+00:00\" \/>\n<meta property=\"article:modified_time\" content=\"2017-11-25T13:45:58+00:00\" \/>\n<meta property=\"og:image\" content=\"https:\/\/www.sandsofsilence.org\/wp-content\/uploads\/2017\/11\/Isabel-Gemio-Te-doy-mi-palabra-Onda-Cero.png\" \/>\n\t<meta property=\"og:image:width\" content=\"600\" \/>\n\t<meta property=\"og:image:height\" content=\"346\" \/>\n\t<meta property=\"og:image:type\" content=\"image\/png\" \/>\n<meta name=\"author\" content=\"Chelo\" \/>\n<meta name=\"twitter:card\" content=\"summary_large_image\" \/>\n<meta name=\"twitter:creator\" content=\"@sandsofsilence\" \/>\n<meta name=\"twitter:site\" content=\"@sandsofsilence\" \/>\n<meta name=\"twitter:label1\" content=\"Escrito por\" \/>\n\t<meta name=\"twitter:data1\" content=\"Chelo\" \/>\n\t<meta name=\"twitter:label2\" content=\"Tiempo de lectura\" \/>\n\t<meta name=\"twitter:data2\" content=\"1 minuto\" \/>\n<script type=\"application\/ld+json\" class=\"yoast-schema-graph\">{\"@context\":\"https:\/\/schema.org\",\"@graph\":[{\"@type\":\"Article\",\"@id\":\"https:\/\/www.sandsofsilence.org\/es\/radio-onda-cero\/#article\",\"isPartOf\":{\"@id\":\"https:\/\/www.sandsofsilence.org\/es\/radio-onda-cero\/\"},\"author\":{\"name\":\"Chelo\",\"@id\":\"https:\/\/www.sandsofsilence.org\/#\/schema\/person\/1272874a46e1adfae13d815b6ede017a\"},\"headline\":\"\u00abHemos normalizado el abuso a todos los niveles\u00bb &#8211; Radio Onda Cero\",\"datePublished\":\"2017-11-21T11:51:47+00:00\",\"dateModified\":\"2017-11-25T13:45:58+00:00\",\"mainEntityOfPage\":{\"@id\":\"https:\/\/www.sandsofsilence.org\/es\/radio-onda-cero\/\"},\"wordCount\":152,\"commentCount\":0,\"publisher\":{\"@id\":\"https:\/\/www.sandsofsilence.org\/#organization\"},\"image\":{\"@id\":\"https:\/\/www.sandsofsilence.org\/es\/radio-onda-cero\/#primaryimage\"},\"thumbnailUrl\":\"https:\/\/www.sandsofsilence.org\/wp-content\/uploads\/2017\/11\/Isabel-Gemio-Te-doy-mi-palabra-Onda-Cero.png\",\"keywords\":[\"abuso sexual\",\"pedofilia\",\"tr\u00e1fico humano\",\"tr\u00e1fico sexual\",\"trata\",\"violaci\u00f3n\",\"violencia sexual\"],\"articleSection\":[\"Press\/News\"],\"inLanguage\":\"es\",\"potentialAction\":[{\"@type\":\"CommentAction\",\"name\":\"Comment\",\"target\":[\"https:\/\/www.sandsofsilence.org\/es\/radio-onda-cero\/#respond\"]}]},{\"@type\":\"WebPage\",\"@id\":\"https:\/\/www.sandsofsilence.org\/es\/radio-onda-cero\/\",\"url\":\"https:\/\/www.sandsofsilence.org\/es\/radio-onda-cero\/\",\"name\":\"\\\"Hemos normalizado el abuso a todos los niveles\\\" - Radio Onda Cero - Sands of Silence\",\"isPartOf\":{\"@id\":\"https:\/\/www.sandsofsilence.org\/#website\"},\"primaryImageOfPage\":{\"@id\":\"https:\/\/www.sandsofsilence.org\/es\/radio-onda-cero\/#primaryimage\"},\"image\":{\"@id\":\"https:\/\/www.sandsofsilence.org\/es\/radio-onda-cero\/#primaryimage\"},\"thumbnailUrl\":\"https:\/\/www.sandsofsilence.org\/wp-content\/uploads\/2017\/11\/Isabel-Gemio-Te-doy-mi-palabra-Onda-Cero.png\",\"datePublished\":\"2017-11-21T11:51:47+00:00\",\"dateModified\":\"2017-11-25T13:45:58+00:00\",\"breadcrumb\":{\"@id\":\"https:\/\/www.sandsofsilence.org\/es\/radio-onda-cero\/#breadcrumb\"},\"inLanguage\":\"es\",\"potentialAction\":[{\"@type\":\"ReadAction\",\"target\":[\"https:\/\/www.sandsofsilence.org\/es\/radio-onda-cero\/\"]}]},{\"@type\":\"ImageObject\",\"inLanguage\":\"es\",\"@id\":\"https:\/\/www.sandsofsilence.org\/es\/radio-onda-cero\/#primaryimage\",\"url\":\"https:\/\/www.sandsofsilence.org\/wp-content\/uploads\/2017\/11\/Isabel-Gemio-Te-doy-mi-palabra-Onda-Cero.png\",\"contentUrl\":\"https:\/\/www.sandsofsilence.org\/wp-content\/uploads\/2017\/11\/Isabel-Gemio-Te-doy-mi-palabra-Onda-Cero.png\",\"width\":600,\"height\":346},{\"@type\":\"BreadcrumbList\",\"@id\":\"https:\/\/www.sandsofsilence.org\/es\/radio-onda-cero\/#breadcrumb\",\"itemListElement\":[{\"@type\":\"ListItem\",\"position\":1,\"name\":\"Home\",\"item\":\"https:\/\/www.sandsofsilence.org\/es\/\"},{\"@type\":\"ListItem\",\"position\":2,\"name\":\"\u00abHemos normalizado el abuso a todos los niveles\u00bb &#8211; Radio Onda Cero\"}]},{\"@type\":\"WebSite\",\"@id\":\"https:\/\/www.sandsofsilence.org\/#website\",\"url\":\"https:\/\/www.sandsofsilence.org\/\",\"name\":\"Sands of Silence\",\"description\":\"SANDS OF SILENCE: Waves of Courage | This film inspires you to speak out about sexual violence\",\"publisher\":{\"@id\":\"https:\/\/www.sandsofsilence.org\/#organization\"},\"potentialAction\":[{\"@type\":\"SearchAction\",\"target\":{\"@type\":\"EntryPoint\",\"urlTemplate\":\"https:\/\/www.sandsofsilence.org\/?s={search_term_string}\"},\"query-input\":{\"@type\":\"PropertyValueSpecification\",\"valueRequired\":true,\"valueName\":\"search_term_string\"}}],\"inLanguage\":\"es\"},{\"@type\":\"Organization\",\"@id\":\"https:\/\/www.sandsofsilence.org\/#organization\",\"name\":\"Sands of Silence\",\"url\":\"https:\/\/www.sandsofsilence.org\/\",\"logo\":{\"@type\":\"ImageObject\",\"inLanguage\":\"es\",\"@id\":\"https:\/\/www.sandsofsilence.org\/#\/schema\/logo\/image\/\",\"url\":\"https:\/\/www.sandsofsilence.org\/wp-content\/uploads\/2017\/10\/Logo.png\",\"contentUrl\":\"https:\/\/www.sandsofsilence.org\/wp-content\/uploads\/2017\/10\/Logo.png\",\"width\":194,\"height\":69,\"caption\":\"Sands of Silence\"},\"image\":{\"@id\":\"https:\/\/www.sandsofsilence.org\/#\/schema\/logo\/image\/\"},\"sameAs\":[\"https:\/\/www.facebook.com\/sandsofsilence\/\",\"https:\/\/x.com\/sandsofsilence\"]},{\"@type\":\"Person\",\"@id\":\"https:\/\/www.sandsofsilence.org\/#\/schema\/person\/1272874a46e1adfae13d815b6ede017a\",\"name\":\"Chelo\",\"url\":\"https:\/\/www.sandsofsilence.org\/es\/author\/chelo\/\"}]}<\/script>\n<!-- \/ Yoast SEO plugin. -->","yoast_head_json":{"title":"\"Hemos normalizado el abuso a todos los niveles\" - Radio Onda Cero - Sands of Silence","robots":{"index":"index","follow":"follow","max-snippet":"max-snippet:-1","max-image-preview":"max-image-preview:large","max-video-preview":"max-video-preview:-1"},"canonical":"https:\/\/www.sandsofsilence.org\/es\/radio-onda-cero\/","og_locale":"es_ES","og_type":"article","og_title":"\"Hemos normalizado el abuso a todos los niveles\" - Radio Onda Cero - Sands of Silence","og_description":"TE DOY MI PALABRA Entrevistada por ISABEL GEMIO Chelo Alvarez-Stehle, periodista y cineasta: \u00abHemos normalizado el abuso a todos los niveles\u00bb NOS HABLA SOBRE SU DOCUMENTAL &#8216;ARENAS DE SILENCIO&#8217; La periodista y cineasta Chelo \u00c1lvarez- Stehle, nos habla de su documental &#8216;Arenas de silencio&#8217;. Chelo se ha pasado 8 a\u00f1os intentando poner en marcha el [&hellip;]","og_url":"https:\/\/www.sandsofsilence.org\/es\/radio-onda-cero\/","og_site_name":"Sands of Silence","article_publisher":"https:\/\/www.facebook.com\/sandsofsilence\/","article_published_time":"2017-11-21T11:51:47+00:00","article_modified_time":"2017-11-25T13:45:58+00:00","og_image":[{"width":600,"height":346,"url":"https:\/\/www.sandsofsilence.org\/wp-content\/uploads\/2017\/11\/Isabel-Gemio-Te-doy-mi-palabra-Onda-Cero.png","type":"image\/png"}],"author":"Chelo","twitter_card":"summary_large_image","twitter_creator":"@sandsofsilence","twitter_site":"@sandsofsilence","twitter_misc":{"Escrito por":"Chelo","Tiempo de lectura":"1 minuto"},"schema":{"@context":"https:\/\/schema.org","@graph":[{"@type":"Article","@id":"https:\/\/www.sandsofsilence.org\/es\/radio-onda-cero\/#article","isPartOf":{"@id":"https:\/\/www.sandsofsilence.org\/es\/radio-onda-cero\/"},"author":{"name":"Chelo","@id":"https:\/\/www.sandsofsilence.org\/#\/schema\/person\/1272874a46e1adfae13d815b6ede017a"},"headline":"\u00abHemos normalizado el abuso a todos los niveles\u00bb &#8211; Radio Onda Cero","datePublished":"2017-11-21T11:51:47+00:00","dateModified":"2017-11-25T13:45:58+00:00","mainEntityOfPage":{"@id":"https:\/\/www.sandsofsilence.org\/es\/radio-onda-cero\/"},"wordCount":152,"commentCount":0,"publisher":{"@id":"https:\/\/www.sandsofsilence.org\/#organization"},"image":{"@id":"https:\/\/www.sandsofsilence.org\/es\/radio-onda-cero\/#primaryimage"},"thumbnailUrl":"https:\/\/www.sandsofsilence.org\/wp-content\/uploads\/2017\/11\/Isabel-Gemio-Te-doy-mi-palabra-Onda-Cero.png","keywords":["abuso sexual","pedofilia","tr\u00e1fico humano","tr\u00e1fico sexual","trata","violaci\u00f3n","violencia sexual"],"articleSection":["Press\/News"],"inLanguage":"es","potentialAction":[{"@type":"CommentAction","name":"Comment","target":["https:\/\/www.sandsofsilence.org\/es\/radio-onda-cero\/#respond"]}]},{"@type":"WebPage","@id":"https:\/\/www.sandsofsilence.org\/es\/radio-onda-cero\/","url":"https:\/\/www.sandsofsilence.org\/es\/radio-onda-cero\/","name":"\"Hemos normalizado el abuso a todos los niveles\" - Radio Onda Cero - Sands of Silence","isPartOf":{"@id":"https:\/\/www.sandsofsilence.org\/#website"},"primaryImageOfPage":{"@id":"https:\/\/www.sandsofsilence.org\/es\/radio-onda-cero\/#primaryimage"},"image":{"@id":"https:\/\/www.sandsofsilence.org\/es\/radio-onda-cero\/#primaryimage"},"thumbnailUrl":"https:\/\/www.sandsofsilence.org\/wp-content\/uploads\/2017\/11\/Isabel-Gemio-Te-doy-mi-palabra-Onda-Cero.png","datePublished":"2017-11-21T11:51:47+00:00","dateModified":"2017-11-25T13:45:58+00:00","breadcrumb":{"@id":"https:\/\/www.sandsofsilence.org\/es\/radio-onda-cero\/#breadcrumb"},"inLanguage":"es","potentialAction":[{"@type":"ReadAction","target":["https:\/\/www.sandsofsilence.org\/es\/radio-onda-cero\/"]}]},{"@type":"ImageObject","inLanguage":"es","@id":"https:\/\/www.sandsofsilence.org\/es\/radio-onda-cero\/#primaryimage","url":"https:\/\/www.sandsofsilence.org\/wp-content\/uploads\/2017\/11\/Isabel-Gemio-Te-doy-mi-palabra-Onda-Cero.png","contentUrl":"https:\/\/www.sandsofsilence.org\/wp-content\/uploads\/2017\/11\/Isabel-Gemio-Te-doy-mi-palabra-Onda-Cero.png","width":600,"height":346},{"@type":"BreadcrumbList","@id":"https:\/\/www.sandsofsilence.org\/es\/radio-onda-cero\/#breadcrumb","itemListElement":[{"@type":"ListItem","position":1,"name":"Home","item":"https:\/\/www.sandsofsilence.org\/es\/"},{"@type":"ListItem","position":2,"name":"\u00abHemos normalizado el abuso a todos los niveles\u00bb &#8211; Radio Onda Cero"}]},{"@type":"WebSite","@id":"https:\/\/www.sandsofsilence.org\/#website","url":"https:\/\/www.sandsofsilence.org\/","name":"Sands of Silence","description":"SANDS OF SILENCE: Waves of Courage | This film inspires you to speak out about sexual violence","publisher":{"@id":"https:\/\/www.sandsofsilence.org\/#organization"},"potentialAction":[{"@type":"SearchAction","target":{"@type":"EntryPoint","urlTemplate":"https:\/\/www.sandsofsilence.org\/?s={search_term_string}"},"query-input":{"@type":"PropertyValueSpecification","valueRequired":true,"valueName":"search_term_string"}}],"inLanguage":"es"},{"@type":"Organization","@id":"https:\/\/www.sandsofsilence.org\/#organization","name":"Sands of Silence","url":"https:\/\/www.sandsofsilence.org\/","logo":{"@type":"ImageObject","inLanguage":"es","@id":"https:\/\/www.sandsofsilence.org\/#\/schema\/logo\/image\/","url":"https:\/\/www.sandsofsilence.org\/wp-content\/uploads\/2017\/10\/Logo.png","contentUrl":"https:\/\/www.sandsofsilence.org\/wp-content\/uploads\/2017\/10\/Logo.png","width":194,"height":69,"caption":"Sands of Silence"},"image":{"@id":"https:\/\/www.sandsofsilence.org\/#\/schema\/logo\/image\/"},"sameAs":["https:\/\/www.facebook.com\/sandsofsilence\/","https:\/\/x.com\/sandsofsilence"]},{"@type":"Person","@id":"https:\/\/www.sandsofsilence.org\/#\/schema\/person\/1272874a46e1adfae13d815b6ede017a","name":"Chelo","url":"https:\/\/www.sandsofsilence.org\/es\/author\/chelo\/"}]}},"_links":{"self":[{"href":"https:\/\/www.sandsofsilence.org\/es\/wp-json\/wp\/v2\/posts\/30785","targetHints":{"allow":["GET"]}}],"collection":[{"href":"https:\/\/www.sandsofsilence.org\/es\/wp-json\/wp\/v2\/posts"}],"about":[{"href":"https:\/\/www.sandsofsilence.org\/es\/wp-json\/wp\/v2\/types\/post"}],"author":[{"embeddable":true,"href":"https:\/\/www.sandsofsilence.org\/es\/wp-json\/wp\/v2\/users\/4"}],"replies":[{"embeddable":true,"href":"https:\/\/www.sandsofsilence.org\/es\/wp-json\/wp\/v2\/comments?post=30785"}],"version-history":[{"count":4,"href":"https:\/\/www.sandsofsilence.org\/es\/wp-json\/wp\/v2\/posts\/30785\/revisions"}],"predecessor-version":[{"id":30812,"href":"https:\/\/www.sandsofsilence.org\/es\/wp-json\/wp\/v2\/posts\/30785\/revisions\/30812"}],"wp:featuredmedia":[{"embeddable":true,"href":"https:\/\/www.sandsofsilence.org\/es\/wp-json\/wp\/v2\/media\/30788"}],"wp:attachment":[{"href":"https:\/\/www.sandsofsilence.org\/es\/wp-json\/wp\/v2\/media?parent=30785"}],"wp:term":[{"taxonomy":"category","embeddable":true,"href":"https:\/\/www.sandsofsilence.org\/es\/wp-json\/wp\/v2\/categories?post=30785"},{"taxonomy":"post_tag","embeddable":true,"href":"https:\/\/www.sandsofsilence.org\/es\/wp-json\/wp\/v2\/tags?post=30785"}],"curies":[{"name":"wp","href":"https:\/\/api.w.org\/{rel}","templated":true}]}}