{"id":30621,"date":"2017-11-15T21:43:45","date_gmt":"2017-11-15T21:43:45","guid":{"rendered":"https:\/\/www.sandsofsilence.org\/?p=30621"},"modified":"2017-12-23T23:43:24","modified_gmt":"2017-12-23T23:43:24","slug":"internos-del-centro-de-insercion-social-de-coruna-debaten-arenas-de-silencio-la-opinion-coruna","status":"publish","type":"post","link":"https:\/\/www.sandsofsilence.org\/es\/internos-del-centro-de-insercion-social-de-coruna-debaten-arenas-de-silencio-la-opinion-coruna\/","title":{"rendered":"Internos del Centro de Inserci\u00f3n Social de A Coru\u00f1a debaten Arenas de Silencio | La Opini\u00f3n Coru\u00f1a"},"content":{"rendered":"<h1 style=\"text-align: center;\">LA OPINI\u00d3N Coru\u00f1a<\/h1>\n<h4><span class=\"autor_sup\">por Ana Ramil\u00a0<\/span><\/h4>\n<h1>Romper el silencio sobre el abuso<\/h1>\n<h2>Un documental denuncia que sea frecuente ocultar las agresiones sexuales &#8211; Internos del Centro de Inserci\u00f3n Social de A Coru\u00f1a debaten sobre este tipo de violencia<\/h2>\n<p>&nbsp;<\/p>\n<div class=\"cuerpo_noticia\">\n<div class=\"cuadro_multimedia\"><a href=\"https:\/\/www.sandsofsilence.org\/wp-content\/uploads\/2017\/11\/DSC_0066.jpg\"><img loading=\"lazy\" decoding=\"async\" class=\"aligncenter size-large wp-image-30667\" src=\"https:\/\/www.sandsofsilence.org\/wp-content\/uploads\/2017\/11\/DSC_0066-1024x687.jpg\" alt=\"\" width=\"640\" height=\"429\" srcset=\"https:\/\/www.sandsofsilence.org\/wp-content\/uploads\/2017\/11\/DSC_0066-1024x687.jpg 1024w, https:\/\/www.sandsofsilence.org\/wp-content\/uploads\/2017\/11\/DSC_0066-300x201.jpg 300w, https:\/\/www.sandsofsilence.org\/wp-content\/uploads\/2017\/11\/DSC_0066-768x516.jpg 768w\" sizes=\"auto, (max-width: 640px) 100vw, 640px\" \/><\/a><\/div>\n<p>\u00ab\u00bfEs suficiente con que las v\u00edctimas denuncien?, \u00bfes suficiente con que los agresores pidan perd\u00f3n?\u00bb. Con estas dos preguntas que invitan a la reflexi\u00f3n finaliza el documental <em>Arenas de silencio<\/em>, en el que la periodista Chelo \u00c1lvarez-Stehle denuncia el secretismo que a\u00fan rodea a los abusos en la infancia a la vez que intenta abrir los ojos a la sociedad para que sea consciente de este tipo de violencia, que est\u00e1 m\u00e1s cerca de lo que se cree. \u00abLas v\u00edctimas de abusos en la infancia son las futuras v\u00edctimas de malos tratos o de trata de personas\u00bb, se\u00f1al\u00f3 ayer la directora durante la proyecci\u00f3n del filme en el Centro de Inserci\u00f3n Social Carmela Arias y D\u00edaz de R\u00e1bago en A Coru\u00f1a, en el marco de los actos de conmemoraci\u00f3n del D\u00eda de la Eliminaci\u00f3n de la Violencia contra la Mujer que organiza la subdelegaci\u00f3n del Gobierno en A Coru\u00f1a y al que asistieron, entre otros, una treintena de reclusos del centro.<\/p>\n<p><a href=\"http:\/\/www.laopinioncoruna.es\/sociedad\/2017\/11\/15\/romper-silencio-abuso\/1235839.html\">Leer las reacciones de los internos<\/a><\/p>\n<\/div>\n<p><a href=\"https:\/\/www.sandsofsilence.org\/wp-content\/uploads\/2017\/11\/Chelo-Judit-Fontela-Natividad-Penas-Bel\u00e9n-Sanjurjo.jpg\"><img loading=\"lazy\" decoding=\"async\" class=\"wp-image-30625 size-large aligncenter\" src=\"https:\/\/www.sandsofsilence.org\/wp-content\/uploads\/2017\/11\/Chelo-Judit-Fontela-Natividad-Penas-Bel\u00e9n-Sanjurjo-1024x687.jpg\" alt=\"\" width=\"640\" height=\"429\" srcset=\"https:\/\/www.sandsofsilence.org\/wp-content\/uploads\/2017\/11\/Chelo-Judit-Fontela-Natividad-Penas-Bel\u00e9n-Sanjurjo-1024x687.jpg 1024w, https:\/\/www.sandsofsilence.org\/wp-content\/uploads\/2017\/11\/Chelo-Judit-Fontela-Natividad-Penas-Bel\u00e9n-Sanjurjo-300x201.jpg 300w, https:\/\/www.sandsofsilence.org\/wp-content\/uploads\/2017\/11\/Chelo-Judit-Fontela-Natividad-Penas-Bel\u00e9n-Sanjurjo-768x516.jpg 768w\" sizes=\"auto, (max-width: 640px) 100vw, 640px\" \/><\/a><\/p>\n","protected":false},"excerpt":{"rendered":"<p>LA OPINI\u00d3N Coru\u00f1a por Ana Ramil\u00a0 Romper el silencio sobre el abuso Un documental denuncia que sea frecuente ocultar las agresiones sexuales &#8211; Internos del Centro de Inserci\u00f3n Social de A Coru\u00f1a debaten sobre este tipo de violencia &nbsp; \u00ab\u00bfEs suficiente con que las v\u00edctimas denuncien?, \u00bfes suficiente con que los agresores pidan perd\u00f3n?\u00bb. Con [&hellip;]<\/p>\n","protected":false},"author":4,"featured_media":30667,"comment_status":"open","ping_status":"open","sticky":false,"template":"","format":"standard","meta":{"footnotes":""},"categories":[21],"tags":[41,42,39,40],"class_list":["post-30621","post","type-post","status-publish","format-standard","has-post-thumbnail","hentry","category-noticias-espanol-es","tag-centro-insercion-social","tag-pedofilia","tag-trafico-humano","tag-violacion"],"yoast_head":"<!-- This site is optimized with the Yoast SEO plugin v25.7 - https:\/\/yoast.com\/wordpress\/plugins\/seo\/ -->\n<title>Internos del Centro de Inserci\u00f3n Social de A Coru\u00f1a debaten Arenas de Silencio | La Opini\u00f3n Coru\u00f1a - Sands of Silence<\/title>\n<meta name=\"robots\" content=\"index, follow, max-snippet:-1, max-image-preview:large, max-video-preview:-1\" \/>\n<link rel=\"canonical\" href=\"https:\/\/www.sandsofsilence.org\/es\/internos-del-centro-de-insercion-social-de-coruna-debaten-arenas-de-silencio-la-opinion-coruna\/\" \/>\n<meta property=\"og:locale\" content=\"es_ES\" \/>\n<meta property=\"og:type\" content=\"article\" \/>\n<meta property=\"og:title\" content=\"Internos del Centro de Inserci\u00f3n Social de A Coru\u00f1a debaten Arenas de Silencio | La Opini\u00f3n Coru\u00f1a - Sands of Silence\" \/>\n<meta property=\"og:description\" content=\"LA OPINI\u00d3N Coru\u00f1a por Ana Ramil\u00a0 Romper el silencio sobre el abuso Un documental denuncia que sea frecuente ocultar las agresiones sexuales &#8211; Internos del Centro de Inserci\u00f3n Social de A Coru\u00f1a debaten sobre este tipo de violencia &nbsp; \u00ab\u00bfEs suficiente con que las v\u00edctimas denuncien?, \u00bfes suficiente con que los agresores pidan perd\u00f3n?\u00bb. Con [&hellip;]\" \/>\n<meta property=\"og:url\" content=\"https:\/\/www.sandsofsilence.org\/es\/internos-del-centro-de-insercion-social-de-coruna-debaten-arenas-de-silencio-la-opinion-coruna\/\" \/>\n<meta property=\"og:site_name\" content=\"Sands of Silence\" \/>\n<meta property=\"article:publisher\" content=\"https:\/\/www.facebook.com\/sandsofsilence\/\" \/>\n<meta property=\"article:published_time\" content=\"2017-11-15T21:43:45+00:00\" \/>\n<meta property=\"article:modified_time\" content=\"2017-12-23T23:43:24+00:00\" \/>\n<meta property=\"og:image\" content=\"https:\/\/www.sandsofsilence.org\/wp-content\/uploads\/2017\/11\/DSC_0066-1024x687.jpg\" \/>\n\t<meta property=\"og:image:width\" content=\"1024\" \/>\n\t<meta property=\"og:image:height\" content=\"687\" \/>\n\t<meta property=\"og:image:type\" content=\"image\/jpeg\" \/>\n<meta name=\"author\" content=\"Chelo\" \/>\n<meta name=\"twitter:card\" content=\"summary_large_image\" \/>\n<meta name=\"twitter:creator\" content=\"@sandsofsilence\" \/>\n<meta name=\"twitter:site\" content=\"@sandsofsilence\" \/>\n<meta name=\"twitter:label1\" content=\"Escrito por\" \/>\n\t<meta name=\"twitter:data1\" content=\"Chelo\" \/>\n\t<meta name=\"twitter:label2\" content=\"Tiempo de lectura\" \/>\n\t<meta name=\"twitter:data2\" content=\"1 minuto\" \/>\n<script type=\"application\/ld+json\" class=\"yoast-schema-graph\">{\"@context\":\"https:\/\/schema.org\",\"@graph\":[{\"@type\":\"Article\",\"@id\":\"https:\/\/www.sandsofsilence.org\/es\/internos-del-centro-de-insercion-social-de-coruna-debaten-arenas-de-silencio-la-opinion-coruna\/#article\",\"isPartOf\":{\"@id\":\"https:\/\/www.sandsofsilence.org\/es\/internos-del-centro-de-insercion-social-de-coruna-debaten-arenas-de-silencio-la-opinion-coruna\/\"},\"author\":{\"name\":\"Chelo\",\"@id\":\"https:\/\/www.sandsofsilence.org\/#\/schema\/person\/1272874a46e1adfae13d815b6ede017a\"},\"headline\":\"Internos del Centro de Inserci\u00f3n Social de A Coru\u00f1a debaten Arenas de Silencio | La Opini\u00f3n Coru\u00f1a\",\"datePublished\":\"2017-11-15T21:43:45+00:00\",\"dateModified\":\"2017-12-23T23:43:24+00:00\",\"mainEntityOfPage\":{\"@id\":\"https:\/\/www.sandsofsilence.org\/es\/internos-del-centro-de-insercion-social-de-coruna-debaten-arenas-de-silencio-la-opinion-coruna\/\"},\"wordCount\":248,\"commentCount\":0,\"publisher\":{\"@id\":\"https:\/\/www.sandsofsilence.org\/#organization\"},\"image\":{\"@id\":\"https:\/\/www.sandsofsilence.org\/es\/internos-del-centro-de-insercion-social-de-coruna-debaten-arenas-de-silencio-la-opinion-coruna\/#primaryimage\"},\"thumbnailUrl\":\"https:\/\/www.sandsofsilence.org\/wp-content\/uploads\/2017\/11\/DSC_0066.jpg\",\"keywords\":[\"Centro inserci\u00f3n social\",\"pedofilia\",\"tr\u00e1fico humano\",\"violaci\u00f3n\"],\"articleSection\":[\"Press\/News\"],\"inLanguage\":\"es\",\"potentialAction\":[{\"@type\":\"CommentAction\",\"name\":\"Comment\",\"target\":[\"https:\/\/www.sandsofsilence.org\/es\/internos-del-centro-de-insercion-social-de-coruna-debaten-arenas-de-silencio-la-opinion-coruna\/#respond\"]}]},{\"@type\":\"WebPage\",\"@id\":\"https:\/\/www.sandsofsilence.org\/es\/internos-del-centro-de-insercion-social-de-coruna-debaten-arenas-de-silencio-la-opinion-coruna\/\",\"url\":\"https:\/\/www.sandsofsilence.org\/es\/internos-del-centro-de-insercion-social-de-coruna-debaten-arenas-de-silencio-la-opinion-coruna\/\",\"name\":\"Internos del Centro de Inserci\u00f3n Social de A Coru\u00f1a debaten Arenas de Silencio | La Opini\u00f3n Coru\u00f1a - Sands of Silence\",\"isPartOf\":{\"@id\":\"https:\/\/www.sandsofsilence.org\/#website\"},\"primaryImageOfPage\":{\"@id\":\"https:\/\/www.sandsofsilence.org\/es\/internos-del-centro-de-insercion-social-de-coruna-debaten-arenas-de-silencio-la-opinion-coruna\/#primaryimage\"},\"image\":{\"@id\":\"https:\/\/www.sandsofsilence.org\/es\/internos-del-centro-de-insercion-social-de-coruna-debaten-arenas-de-silencio-la-opinion-coruna\/#primaryimage\"},\"thumbnailUrl\":\"https:\/\/www.sandsofsilence.org\/wp-content\/uploads\/2017\/11\/DSC_0066.jpg\",\"datePublished\":\"2017-11-15T21:43:45+00:00\",\"dateModified\":\"2017-12-23T23:43:24+00:00\",\"breadcrumb\":{\"@id\":\"https:\/\/www.sandsofsilence.org\/es\/internos-del-centro-de-insercion-social-de-coruna-debaten-arenas-de-silencio-la-opinion-coruna\/#breadcrumb\"},\"inLanguage\":\"es\",\"potentialAction\":[{\"@type\":\"ReadAction\",\"target\":[\"https:\/\/www.sandsofsilence.org\/es\/internos-del-centro-de-insercion-social-de-coruna-debaten-arenas-de-silencio-la-opinion-coruna\/\"]}]},{\"@type\":\"ImageObject\",\"inLanguage\":\"es\",\"@id\":\"https:\/\/www.sandsofsilence.org\/es\/internos-del-centro-de-insercion-social-de-coruna-debaten-arenas-de-silencio-la-opinion-coruna\/#primaryimage\",\"url\":\"https:\/\/www.sandsofsilence.org\/wp-content\/uploads\/2017\/11\/DSC_0066.jpg\",\"contentUrl\":\"https:\/\/www.sandsofsilence.org\/wp-content\/uploads\/2017\/11\/DSC_0066.jpg\",\"width\":2896,\"height\":1944},{\"@type\":\"BreadcrumbList\",\"@id\":\"https:\/\/www.sandsofsilence.org\/es\/internos-del-centro-de-insercion-social-de-coruna-debaten-arenas-de-silencio-la-opinion-coruna\/#breadcrumb\",\"itemListElement\":[{\"@type\":\"ListItem\",\"position\":1,\"name\":\"Home\",\"item\":\"https:\/\/www.sandsofsilence.org\/es\/\"},{\"@type\":\"ListItem\",\"position\":2,\"name\":\"Internos del Centro de Inserci\u00f3n Social de A Coru\u00f1a debaten Arenas de Silencio | La Opini\u00f3n Coru\u00f1a\"}]},{\"@type\":\"WebSite\",\"@id\":\"https:\/\/www.sandsofsilence.org\/#website\",\"url\":\"https:\/\/www.sandsofsilence.org\/\",\"name\":\"Sands of Silence\",\"description\":\"SANDS OF SILENCE: Waves of Courage | This film inspires you to speak out about sexual violence\",\"publisher\":{\"@id\":\"https:\/\/www.sandsofsilence.org\/#organization\"},\"potentialAction\":[{\"@type\":\"SearchAction\",\"target\":{\"@type\":\"EntryPoint\",\"urlTemplate\":\"https:\/\/www.sandsofsilence.org\/?s={search_term_string}\"},\"query-input\":{\"@type\":\"PropertyValueSpecification\",\"valueRequired\":true,\"valueName\":\"search_term_string\"}}],\"inLanguage\":\"es\"},{\"@type\":\"Organization\",\"@id\":\"https:\/\/www.sandsofsilence.org\/#organization\",\"name\":\"Sands of Silence\",\"url\":\"https:\/\/www.sandsofsilence.org\/\",\"logo\":{\"@type\":\"ImageObject\",\"inLanguage\":\"es\",\"@id\":\"https:\/\/www.sandsofsilence.org\/#\/schema\/logo\/image\/\",\"url\":\"https:\/\/www.sandsofsilence.org\/wp-content\/uploads\/2017\/10\/Logo.png\",\"contentUrl\":\"https:\/\/www.sandsofsilence.org\/wp-content\/uploads\/2017\/10\/Logo.png\",\"width\":194,\"height\":69,\"caption\":\"Sands of Silence\"},\"image\":{\"@id\":\"https:\/\/www.sandsofsilence.org\/#\/schema\/logo\/image\/\"},\"sameAs\":[\"https:\/\/www.facebook.com\/sandsofsilence\/\",\"https:\/\/x.com\/sandsofsilence\"]},{\"@type\":\"Person\",\"@id\":\"https:\/\/www.sandsofsilence.org\/#\/schema\/person\/1272874a46e1adfae13d815b6ede017a\",\"name\":\"Chelo\",\"url\":\"https:\/\/www.sandsofsilence.org\/es\/author\/chelo\/\"}]}<\/script>\n<!-- \/ Yoast SEO plugin. -->","yoast_head_json":{"title":"Internos del Centro de Inserci\u00f3n Social de A Coru\u00f1a debaten Arenas de Silencio | La Opini\u00f3n Coru\u00f1a - Sands of Silence","robots":{"index":"index","follow":"follow","max-snippet":"max-snippet:-1","max-image-preview":"max-image-preview:large","max-video-preview":"max-video-preview:-1"},"canonical":"https:\/\/www.sandsofsilence.org\/es\/internos-del-centro-de-insercion-social-de-coruna-debaten-arenas-de-silencio-la-opinion-coruna\/","og_locale":"es_ES","og_type":"article","og_title":"Internos del Centro de Inserci\u00f3n Social de A Coru\u00f1a debaten Arenas de Silencio | La Opini\u00f3n Coru\u00f1a - Sands of Silence","og_description":"LA OPINI\u00d3N Coru\u00f1a por Ana Ramil\u00a0 Romper el silencio sobre el abuso Un documental denuncia que sea frecuente ocultar las agresiones sexuales &#8211; Internos del Centro de Inserci\u00f3n Social de A Coru\u00f1a debaten sobre este tipo de violencia &nbsp; \u00ab\u00bfEs suficiente con que las v\u00edctimas denuncien?, \u00bfes suficiente con que los agresores pidan perd\u00f3n?\u00bb. Con [&hellip;]","og_url":"https:\/\/www.sandsofsilence.org\/es\/internos-del-centro-de-insercion-social-de-coruna-debaten-arenas-de-silencio-la-opinion-coruna\/","og_site_name":"Sands of Silence","article_publisher":"https:\/\/www.facebook.com\/sandsofsilence\/","article_published_time":"2017-11-15T21:43:45+00:00","article_modified_time":"2017-12-23T23:43:24+00:00","og_image":[{"width":1024,"height":687,"url":"https:\/\/www.sandsofsilence.org\/wp-content\/uploads\/2017\/11\/DSC_0066-1024x687.jpg","type":"image\/jpeg"}],"author":"Chelo","twitter_card":"summary_large_image","twitter_creator":"@sandsofsilence","twitter_site":"@sandsofsilence","twitter_misc":{"Escrito por":"Chelo","Tiempo de lectura":"1 minuto"},"schema":{"@context":"https:\/\/schema.org","@graph":[{"@type":"Article","@id":"https:\/\/www.sandsofsilence.org\/es\/internos-del-centro-de-insercion-social-de-coruna-debaten-arenas-de-silencio-la-opinion-coruna\/#article","isPartOf":{"@id":"https:\/\/www.sandsofsilence.org\/es\/internos-del-centro-de-insercion-social-de-coruna-debaten-arenas-de-silencio-la-opinion-coruna\/"},"author":{"name":"Chelo","@id":"https:\/\/www.sandsofsilence.org\/#\/schema\/person\/1272874a46e1adfae13d815b6ede017a"},"headline":"Internos del Centro de Inserci\u00f3n Social de A Coru\u00f1a debaten Arenas de Silencio | La Opini\u00f3n Coru\u00f1a","datePublished":"2017-11-15T21:43:45+00:00","dateModified":"2017-12-23T23:43:24+00:00","mainEntityOfPage":{"@id":"https:\/\/www.sandsofsilence.org\/es\/internos-del-centro-de-insercion-social-de-coruna-debaten-arenas-de-silencio-la-opinion-coruna\/"},"wordCount":248,"commentCount":0,"publisher":{"@id":"https:\/\/www.sandsofsilence.org\/#organization"},"image":{"@id":"https:\/\/www.sandsofsilence.org\/es\/internos-del-centro-de-insercion-social-de-coruna-debaten-arenas-de-silencio-la-opinion-coruna\/#primaryimage"},"thumbnailUrl":"https:\/\/www.sandsofsilence.org\/wp-content\/uploads\/2017\/11\/DSC_0066.jpg","keywords":["Centro inserci\u00f3n social","pedofilia","tr\u00e1fico humano","violaci\u00f3n"],"articleSection":["Press\/News"],"inLanguage":"es","potentialAction":[{"@type":"CommentAction","name":"Comment","target":["https:\/\/www.sandsofsilence.org\/es\/internos-del-centro-de-insercion-social-de-coruna-debaten-arenas-de-silencio-la-opinion-coruna\/#respond"]}]},{"@type":"WebPage","@id":"https:\/\/www.sandsofsilence.org\/es\/internos-del-centro-de-insercion-social-de-coruna-debaten-arenas-de-silencio-la-opinion-coruna\/","url":"https:\/\/www.sandsofsilence.org\/es\/internos-del-centro-de-insercion-social-de-coruna-debaten-arenas-de-silencio-la-opinion-coruna\/","name":"Internos del Centro de Inserci\u00f3n Social de A Coru\u00f1a debaten Arenas de Silencio | La Opini\u00f3n Coru\u00f1a - Sands of Silence","isPartOf":{"@id":"https:\/\/www.sandsofsilence.org\/#website"},"primaryImageOfPage":{"@id":"https:\/\/www.sandsofsilence.org\/es\/internos-del-centro-de-insercion-social-de-coruna-debaten-arenas-de-silencio-la-opinion-coruna\/#primaryimage"},"image":{"@id":"https:\/\/www.sandsofsilence.org\/es\/internos-del-centro-de-insercion-social-de-coruna-debaten-arenas-de-silencio-la-opinion-coruna\/#primaryimage"},"thumbnailUrl":"https:\/\/www.sandsofsilence.org\/wp-content\/uploads\/2017\/11\/DSC_0066.jpg","datePublished":"2017-11-15T21:43:45+00:00","dateModified":"2017-12-23T23:43:24+00:00","breadcrumb":{"@id":"https:\/\/www.sandsofsilence.org\/es\/internos-del-centro-de-insercion-social-de-coruna-debaten-arenas-de-silencio-la-opinion-coruna\/#breadcrumb"},"inLanguage":"es","potentialAction":[{"@type":"ReadAction","target":["https:\/\/www.sandsofsilence.org\/es\/internos-del-centro-de-insercion-social-de-coruna-debaten-arenas-de-silencio-la-opinion-coruna\/"]}]},{"@type":"ImageObject","inLanguage":"es","@id":"https:\/\/www.sandsofsilence.org\/es\/internos-del-centro-de-insercion-social-de-coruna-debaten-arenas-de-silencio-la-opinion-coruna\/#primaryimage","url":"https:\/\/www.sandsofsilence.org\/wp-content\/uploads\/2017\/11\/DSC_0066.jpg","contentUrl":"https:\/\/www.sandsofsilence.org\/wp-content\/uploads\/2017\/11\/DSC_0066.jpg","width":2896,"height":1944},{"@type":"BreadcrumbList","@id":"https:\/\/www.sandsofsilence.org\/es\/internos-del-centro-de-insercion-social-de-coruna-debaten-arenas-de-silencio-la-opinion-coruna\/#breadcrumb","itemListElement":[{"@type":"ListItem","position":1,"name":"Home","item":"https:\/\/www.sandsofsilence.org\/es\/"},{"@type":"ListItem","position":2,"name":"Internos del Centro de Inserci\u00f3n Social de A Coru\u00f1a debaten Arenas de Silencio | La Opini\u00f3n Coru\u00f1a"}]},{"@type":"WebSite","@id":"https:\/\/www.sandsofsilence.org\/#website","url":"https:\/\/www.sandsofsilence.org\/","name":"Sands of Silence","description":"SANDS OF SILENCE: Waves of Courage | This film inspires you to speak out about sexual violence","publisher":{"@id":"https:\/\/www.sandsofsilence.org\/#organization"},"potentialAction":[{"@type":"SearchAction","target":{"@type":"EntryPoint","urlTemplate":"https:\/\/www.sandsofsilence.org\/?s={search_term_string}"},"query-input":{"@type":"PropertyValueSpecification","valueRequired":true,"valueName":"search_term_string"}}],"inLanguage":"es"},{"@type":"Organization","@id":"https:\/\/www.sandsofsilence.org\/#organization","name":"Sands of Silence","url":"https:\/\/www.sandsofsilence.org\/","logo":{"@type":"ImageObject","inLanguage":"es","@id":"https:\/\/www.sandsofsilence.org\/#\/schema\/logo\/image\/","url":"https:\/\/www.sandsofsilence.org\/wp-content\/uploads\/2017\/10\/Logo.png","contentUrl":"https:\/\/www.sandsofsilence.org\/wp-content\/uploads\/2017\/10\/Logo.png","width":194,"height":69,"caption":"Sands of Silence"},"image":{"@id":"https:\/\/www.sandsofsilence.org\/#\/schema\/logo\/image\/"},"sameAs":["https:\/\/www.facebook.com\/sandsofsilence\/","https:\/\/x.com\/sandsofsilence"]},{"@type":"Person","@id":"https:\/\/www.sandsofsilence.org\/#\/schema\/person\/1272874a46e1adfae13d815b6ede017a","name":"Chelo","url":"https:\/\/www.sandsofsilence.org\/es\/author\/chelo\/"}]}},"_links":{"self":[{"href":"https:\/\/www.sandsofsilence.org\/es\/wp-json\/wp\/v2\/posts\/30621","targetHints":{"allow":["GET"]}}],"collection":[{"href":"https:\/\/www.sandsofsilence.org\/es\/wp-json\/wp\/v2\/posts"}],"about":[{"href":"https:\/\/www.sandsofsilence.org\/es\/wp-json\/wp\/v2\/types\/post"}],"author":[{"embeddable":true,"href":"https:\/\/www.sandsofsilence.org\/es\/wp-json\/wp\/v2\/users\/4"}],"replies":[{"embeddable":true,"href":"https:\/\/www.sandsofsilence.org\/es\/wp-json\/wp\/v2\/comments?post=30621"}],"version-history":[{"count":5,"href":"https:\/\/www.sandsofsilence.org\/es\/wp-json\/wp\/v2\/posts\/30621\/revisions"}],"predecessor-version":[{"id":30813,"href":"https:\/\/www.sandsofsilence.org\/es\/wp-json\/wp\/v2\/posts\/30621\/revisions\/30813"}],"wp:featuredmedia":[{"embeddable":true,"href":"https:\/\/www.sandsofsilence.org\/es\/wp-json\/wp\/v2\/media\/30667"}],"wp:attachment":[{"href":"https:\/\/www.sandsofsilence.org\/es\/wp-json\/wp\/v2\/media?parent=30621"}],"wp:term":[{"taxonomy":"category","embeddable":true,"href":"https:\/\/www.sandsofsilence.org\/es\/wp-json\/wp\/v2\/categories?post=30621"},{"taxonomy":"post_tag","embeddable":true,"href":"https:\/\/www.sandsofsilence.org\/es\/wp-json\/wp\/v2\/tags?post=30621"}],"curies":[{"name":"wp","href":"https:\/\/api.w.org\/{rel}","templated":true}]}}